{"dados":[{"titulo":"PROCESSO SELETIVO SIMPLIFICADO PARA FORMA\u00c7\u00c3O DE CADASTRO RESERVA EDITAL DE SELE\u00c7\u00c3O N\u00ba 04\/2026 - SECRETARIA DE EDUCA\u00c7\u00c3O","dataAtualizacao":"2026-04-16 12:10:05","dataPostagem":"2026-04-13 16:55:00","dataRealizacao":"2026-04-13 16:55:00","numeroEdital":null,"numeroProcesso":4,"modalidade":"Processo Seletivo","situacao":"Aberto","descricao":"Link para<strong> INSCRI&Ccedil;&Atilde;O no Processo Seletivo<\/strong>:&nbsp;<a href=\"https:\/\/forms.gle\/Q1ow3owMnxyWDEsz7\"><span style=\"color:#0000FF\">https:\/\/forms.gle\/Q1ow3owMnxyWDEsz7<\/span><\/a>&nbsp;- este formul&aacute;rio estar&aacute; dispon&iacute;vel para preenchimento das 8h do dia 17\/4\/2026 at&eacute; &agrave;s 16h do dia 22\/4\/2026.<br \/>\r\nLink para <strong>interposi&ccedil;&atilde;o de recursos<\/strong>:&nbsp;<a href=\"https:\/\/forms.gle\/8RQpqyPDMVDfRE1ZA\"><span style=\"color:#0000FF\">https:\/\/forms.gle\/8RQpqyPDMVDfRE1ZA<\/span><\/a> - este formul&aacute;rio estar&aacute; dispon&iacute;vel para preenchimento a partir&nbsp;das 8h do dia 30\/4\/2026 at&eacute; &agrave;s 16h do dia 1\/5\/2026.<br \/>\r\nA Prefeitura Municipal de S&atilde;o Jos&eacute; da Lapa, nos termos da Lei, torna p&uacute;blico que est&atilde;o abertas as inscri&ccedil;&otilde;es para o PROCESSO SELETIVO SIMPLIFICADO N&ordm; 04\/2026 para forma&ccedil;&atilde;o de cadastro reserva, sob o regime jur&iacute;dico &uacute;nico do Munic&iacute;pio, para suprir as necessidades de contrata&ccedil;&atilde;o de pessoal em car&aacute;ter tempor&aacute;rio em atendimento dos casos considerados transit&oacute;rios ou de excepcional interesse p&uacute;blico, durante o exerc&iacute;cio de 2026 em conformidade com inciso IX do artigo 37 da Constitui&ccedil;&atilde;o da Rep&uacute;blica bem como nos termos da Lei Municipal n. 666 de 06 de novembro de 2009 com altera&ccedil;&otilde;es posteriores, a Lei n. 755 de 05 de janeiro de 2012 com altera&ccedil;&otilde;es posteriores e a Lei n. 1232 de 11 de setembro de 2023, Lei N&ordm; 1.250, de 07 de dezembro de 2023.<br \/>\r\n&nbsp;"},{"titulo":"EDITAL DE PROCESSO SELETIVO N\u00ba 01 \/ 2026 - PROCESSO SELETIVO SIMPLIFICADO PARA PREENCHIMENTO DE VAGAS E FORMA\u00c7\u00c3O DE CADASTRO RESERVA - SEC. SAUDE","dataAtualizacao":"2026-04-16 10:08:27","dataPostagem":"2026-04-13 14:00:00","dataRealizacao":"2026-04-13 14:00:00","numeroEdital":null,"numeroProcesso":1,"modalidade":"Processo Seletivo","situacao":"Aberto","descricao":"O MUNIC&Iacute;PIO DE S&Atilde;O JOS&Eacute; DA LAPA, pessoa jur&iacute;dica de direito p&uacute;blico interno, inscrito no CNPJ sob o n&ordm; 42.774.281\/0001-80, neste ato representado pela PREFEITA MUNICIPAL, Sra. Marcia de F&aacute;tima Lopes Ferreira, e pela SECRET&Aacute;RIA MUNICIPAL DE SA&Uacute;DE, Sra. Glaucia Maria da Cruz, na forma preconizada pelo art. 37, inciso IX, da Constitui&ccedil;&atilde;o Federal, FAZ SABER a todos os interessados que preencham os requisitos elencados no presente Edital que est&atilde;o abertas as inscri&ccedil;&otilde;es para o PROCESSO SELETIVO SIMPLIFICADO destinado ao preenchimento de vagas e forma&ccedil;&atilde;o de cadastro reserva.<br \/>\r\n<br \/>\r\n<a href=\"https:\/\/sistemasprefeiturasjl.github.io\/ProcessoSeletivo-SecretariaMunicipaldeSaude\/\"><span style=\"color:#0000FF\">https:\/\/sistemasprefeiturasjl.github.io\/ProcessoSeletivo-SecretariaMunicipaldeSaude\/<\/span><\/a><br \/>\r\n<br \/>\r\n&nbsp;"},{"titulo":"Edital 003\/2026 para realiza\u00e7\u00e3o de elei\u00e7\u00e3o direta para escolha da coordena\u00e7\u00e3o do Centro Municipal de Educa\u00e7\u00e3o Infantil DONA EUNICE RODRIGUES ASSUN\u00c7\u00c3O COSTA do Munic\u00edpio de S\u00e3o Jos\u00e9 da Lapa\/MG","dataAtualizacao":"2026-04-22 09:15:02","dataPostagem":"2026-03-30 15:55:00","dataRealizacao":"2026-03-30 15:55:00","numeroEdital":null,"numeroProcesso":3,"modalidade":"Elei\u00e7\u00e3o","situacao":"Em Andamento","descricao":"EDITAL PARA REALIZA&Ccedil;&Atilde;O DE ELEI&Ccedil;&Atilde;O DIRETA PARA ESCOLHA DO COORDENADOR DO CENTRO MUNICIPAL DE EDUCA&Ccedil;&Atilde;O INFANTIL DONA EUNICE RODRIGUES&nbsp;ASSUN&Ccedil;&Atilde;O COSTA &ndash; DA REDE P&Uacute;BLICA MUNICIPAL DE ENSINO DO MUNIC&Iacute;PIO DE&nbsp;S&Atilde;O JOS&Eacute; DA LAPA\/MG."},{"titulo":"PROCESSO SELETIVO SIMPLIFICADO PARA FORMA\u00c7\u00c3O DE CADASTRO RESERVA EDITAL DE SELE\u00c7\u00c3O N\u00ba 02\/2026 - (Projeto Educarte) SECRETARIA DE EDUCA\u00c7\u00c3O","dataAtualizacao":"2026-03-18 17:07:24","dataPostagem":"2026-01-27 10:00:00","dataRealizacao":"2026-01-21 17:10:00","numeroEdital":null,"numeroProcesso":2,"modalidade":"Processo Seletivo","situacao":"Em Convoca\u00e7\u00e3o","descricao":"<span style=\"color:#FF0000\"><strong>Link do Formul&aacute;rio para Interposi&ccedil;&atilde;o de Recurso (dispon&iacute;vel para preenchimento online no dia 6\/2\/2026 de 8h &agrave;s 17h) :<\/strong><\/span><span style=\"color:#0000FF\">&nbsp;<\/span><strong><a href=\"https:\/\/forms.gle\/4irYALiqRF9XEwYM8\"><span style=\"color:#0000FF\">https:\/\/forms.gle\/4irYALiqRF9XEwYM8<\/span><\/a><\/strong><br \/>\r\n<br \/>\r\nA Prefeitura Municipal de S&atilde;o Jos&eacute; da Lapa, nos termos da Lei, torna p&uacute;blico que est&atilde;o abertas&nbsp;as inscri&ccedil;&otilde;es para o PROCESSO SELETIVO SIMPLIFICADO N&ordm; 02\/2026 para preenchimento&nbsp;do quadro de pessoal para atendimento ao Programa Escola de Tempo Integral, sob o regime&nbsp;jur&iacute;dico &uacute;nico do Munic&iacute;pio, para suprir as necessidades de contrata&ccedil;&atilde;o de pessoal em car&aacute;ter&nbsp;tempor&aacute;rio em atendimento ao Programa, durante o exerc&iacute;cio de 2026 em conformidade com&nbsp;inciso IX do artigo 37 da Constitui&ccedil;&atilde;o da Rep&uacute;blica bem como nos termos da Lei Municipal n.&nbsp;666 de 06 de novembro de 2009 com altera&ccedil;&otilde;es posteriores, a Lei n. 755 de 05 de janeiro de&nbsp;2012 com altera&ccedil;&otilde;es posteriores e a Lei n. 1232 de 11 de setembro de 2023, Lei N&ordm; 1.250, de 07&nbsp;de dezembro de 2023.<br \/>\r\n<br \/>\r\n<span style=\"color:#0000FF\">**As inscri&ccedil;&otilde;es ser&atilde;o realizadas presencialmente,&nbsp;no Audit&oacute;rio da Prefeitura Municipal de S&atilde;o Jos&eacute;&nbsp;da Lapa, no endere&ccedil;o Pra&ccedil;a Pedro Firmino Barbosa,&nbsp;176 - Centro, S&atilde;o Jos&eacute; da Lapa - MG, atrav&eacute;s de&nbsp;preenchimento do curr&iacute;culo de inscri&ccedil;&atilde;o&nbsp;(disponibilizado no ANEXO III) e entrega de&nbsp;documenta&ccedil;&atilde;o, conforme o cargo pretendido.<\/span>"},{"titulo":"PROCESSO SELETIVO SIMPLIFICADO PARA FORMA\u00c7\u00c3O DE CADASTRO RESERVA EDITAL DE SELE\u00c7\u00c3O N\u00ba 01\/2026 - SECRETARIA DE EDUCA\u00c7\u00c3O","dataAtualizacao":"2026-03-20 10:25:28","dataPostagem":"2026-01-27 08:00:00","dataRealizacao":"2026-01-21 17:00:00","numeroEdital":null,"numeroProcesso":1,"modalidade":"Processo Seletivo","situacao":"Em Convoca\u00e7\u00e3o","descricao":"<div style=\"text-align: justify;\"><span style=\"color:#FF0000\">Link do formul&aacute;rio para<strong> Interposi&ccedil;&atilde;o de Recursos:&nbsp;<\/strong>&nbsp;<\/span><a href=\"https:\/\/forms.gle\/B2v8zTfyk1hn9Km88\"><span style=\"color:#0000FF\">https:\/\/forms.gle\/B2v8zTfyk1hn9Km88<\/span><\/a><br \/>\r\n<span style=\"color:#FF0000\"><\/span><br \/>\r\nLink para inscri&ccedil;&atilde;o &eacute;:&nbsp;<a href=\"https:\/\/forms.gle\/488qRJgJKkd17d4E8\">https:\/\/forms.gle\/488qRJgJKkd17d4E8<span style=\"color:#0000FF\"><\/span><span style=\"color:#0000FF\"><\/span><span style=\"color:#FF0000\"> <\/span><\/a>(Dispon&iacute;vel para preenchimento do dia 27\/01\/26 a partir das 8h, at&eacute; o dia 29\/01\/26 at&eacute; &agrave;s 17h.)<br \/>\r\n<br \/>\r\nA Prefeitura Municipal de S&atilde;o Jos&eacute; da Lapa, nos termos da Lei, torna p&uacute;blico que&nbsp;est&atilde;o abertas as inscri&ccedil;&otilde;es para o PROCESSO SELETIVO SIMPLIFICADO N&ordm;&nbsp;01\/2026 para forma&ccedil;&atilde;o de cadastro reserva, sob o regime jur&iacute;dico &uacute;nico do Munic&iacute;pio,&nbsp;para suprir as necessidades de contrata&ccedil;&atilde;o de pessoal em car&aacute;ter tempor&aacute;rio em&nbsp;atendimento dos casos considerados transit&oacute;rios ou de excepcional interesse p&uacute;blico,&nbsp;durante o exerc&iacute;cio do ano de 2026 em conformidade com inciso IX do artigo 37 da&nbsp;Constitui&ccedil;&atilde;o da Rep&uacute;blica bem como nos termos da Lei Municipal n. 666 de 06 de&nbsp;novembro de 2009 com altera&ccedil;&otilde;es posteriores, a Lei n. 755 de 05 de janeiro de 2012&nbsp;com altera&ccedil;&otilde;es posteriores e a Lei n. 1232 de 11 de setembro de 2023, Lei N&ordm; 1.250,&nbsp;de 07 de dezembro de 2023.<\/div>\r\n"},{"titulo":"PROCESSO SELETIVO SIMPLIFICADO PARA FORMA\u00c7\u00c3O DE CADASTRO RESERVA - EDITAL N\u00ba 01\/2025 SECRETARIA MUNICIPAL DE MEIO AMBIENTE","dataAtualizacao":"2026-03-25 14:02:54","dataPostagem":"2025-12-01 09:52:00","dataRealizacao":"2025-12-01 09:52:00","numeroEdital":null,"numeroProcesso":1,"modalidade":"Processo Seletivo","situacao":"Em Convoca\u00e7\u00e3o","descricao":"LINK DE INSCRI&Ccedil;&Atilde;O:&nbsp;<a href=\"https:\/\/docs.google.com\/forms\/d\/e\/1FAIpQLSeJpViVVYF4fIZ2KIMzPqcC7Izh2MIoyPLYGXtMbLnzC0YidA\/viewform?usp=header\">https:\/\/docs.google.com\/forms\/d\/e\/1FAIpQLSeJpViVVYF4fIZ2KIMzPqcC7Izh2MIoyPLYGXtMbLnzC0YidA\/viewform?usp=header<\/a><br \/>\r\n<br \/>\r\nO MUNIC&Iacute;PIO DE S&Atilde;O JOS&Eacute; DA LAPA, pessoa jur&iacute;dica de direito p&uacute;blico interno, inscrito no CNPJ sob o n&deg;. 42.774.281\/0001-80, neste ato representado pela PREFEITA MUNICIPAL, Sr&ordf;. M&aacute;rcia de F&aacute;tima Lopes Ferreira e pelo SECRET&Aacute;RIO MUNICIPAL DE MEIO AMBIENTE, Sr. Iani de Assis Oliveira, FAZ SABER a todos os interessados que preenchem os requisitos elencados no presente Edital que est&atilde;o abertas as inscri&ccedil;&otilde;es DO PROCESSO SELETIVO SIMPLIFICADO PARA FORMA&Ccedil;&Atilde;O DE CADASTRO DE RESERVA, em conformidade com inciso IX do artigo 37 da Constitui&ccedil;&atilde;o da Rep&uacute;blica, e das Leis 666\/2009, 755\/2012, 868\/2012, 951\/2012, 1232\/2023 e altera&ccedil;&otilde;es posteriores conforme disp&otilde;e art. 3&deg; da Lei Municipal N&deg;. 666\/2009; objetivando atendimento &agrave;s necessidades de excepcional interesse da Secretaria Municipal de Administra&ccedil;&atilde;o e Recursos Humanos e demais Secretarias da Prefeitura Municipal."},{"titulo":"EDITAL DE PROCESSO SELETIVO N\u00ba 02 \/ 2025 - PROCESSO SELETIVO SIMPLIFICADO PARA FORMA\u00c7\u00c3O DE CADASTRO RESERVA - SEC. MUNICIPAL DE ADMINISTRA\u00c7\u00c3O E RECURSOS HUMANOS","dataAtualizacao":"2026-03-30 16:35:56","dataPostagem":"2025-11-28 08:00:00","dataRealizacao":"2025-11-24 11:30:00","numeroEdital":null,"numeroProcesso":2,"modalidade":"Processo Seletivo","situacao":"Em Convoca\u00e7\u00e3o","descricao":"<br \/>\r\n<br \/>\r\nO MUNIC&Iacute;PIO DE S&Atilde;O JOS&Eacute; DA LAPA, pessoa jur&iacute;dica de direito p&uacute;blico interno, inscrito no CNPJ sob o n&deg;. 42.774.281\/0001-80, neste ato representado pela PREFEITA MUNICIPAL, Sra. Marcia de F&aacute;tima Lopes Ferreira e pela SECRET&Aacute;RIO MUNICIPAL DE ADMINISTRA&Ccedil;&Atilde;O E RECURSOS HUMANOS, Sr. Gabriel Alves Moreira na forma preconizada pelo art. 37, IX da Constitui&ccedil;&atilde;o Federal, FAZ SABER a todos os interessados que preenchem os requisitos elencados no presente Edital que est&atilde;o abertas as inscri&ccedil;&otilde;es DO PROCESSO SELETIVO PARA PREENCHIMENTO DE VAGAS DE CADASTRO RESERVA NAS CATEGORIAS PROFISSIONAIS:<br \/>\r\n<br \/>\r\nT&eacute;cnico de TI; T&eacute;cnico em Seguran&ccedil;a do Trabalho; CONFORME DISP&Otilde;E ART. 3&deg; DA LEI MUNICIPAL N&deg;. 666\/2009, QUE REGULAMENTA O ART. 37, IX DA CONSTITUI&Ccedil;&Atilde;O FEDERAL E ART. 50 DA LEI COMPLEMENTAR MUNICIPAL N.&ordm; 754\/2012.<br \/>\r\n<br \/>\r\n<br \/>\r\n&nbsp;"},{"titulo":"PROCESSO SELETIVO SIMPLIFICADO N\u00ba 002\/2025 - DESENVOLVIMENTO SOCIAL","dataAtualizacao":"2026-04-10 15:46:22","dataPostagem":"2025-11-14 12:00:00","dataRealizacao":"","numeroEdital":null,"numeroProcesso":2,"modalidade":"Processo Seletivo","situacao":"Em Convoca\u00e7\u00e3o","descricao":"<span class=\"_ao3e copyable-text selectable-text\" dir=\"ltr\" style=\"min-height:0px\"><strong><span class=\"x1lliihq\"><\/span><\/strong><span class=\"x1lliihq\"><strong>LINK PARA INTERPOSI&Ccedil;&Atilde;O DE RECURSOS:<\/strong><br \/>\r\n<strong><a class=\"_ao3e selectable-text copyable-text x1bvjpef x1lku1pv x11iimpl xbvygy2 x1wp9yj1 x1e2wovf x1ph7ams x17f7hit xn69kzl xrys4gj xhmieyt xtnn1bt x9v5kkp xmw7ebm xrdum7p\" dir=\"ltr\" href=\"https:\/\/forms.gle\/C7TXL6QTQ8He1CXA8\" rel=\"noopener noreferrer\" target=\"_blank\" title=\"https:\/\/forms.gle\/C7TXL6QTQ8He1CXA8\"><span style=\"color:#0000FF\"><\/span><\/a><a href=\"https:\/\/forms.gle\/6bQLomaa8PiSFkTeA\">https:\/\/forms.gle\/6bQLomaa8PiSFkTeA<\/a><\/strong><\/span><br \/>\r\n<span>dispon&iacute;vel para preenchimento no&nbsp;dia <strong>03\/12\/2025 - 8h &aacute;s 17h.<br \/>\r\n-------------------------------------------------------<\/strong><\/span><\/span><br \/>\r\n<span class=\"_ao3e copyable-text selectable-text\" dir=\"ltr\" style=\"min-height:0px\"><span class=\"x1lliihq\"><\/span><\/span>\r\n<div style=\"text-align: justify;\"><span class=\"_ao3e copyable-text selectable-text\" dir=\"ltr\" style=\"min-height:0px\"><span class=\"x1lliihq\">&nbsp;&nbsp;&nbsp;&nbsp;&nbsp;&nbsp; A Prefeitura Municipal de S&atilde;o Jos&eacute; da Lapa, nos termos da Lei, torna p&uacute;blico que est&atilde;o abertas as inscri&ccedil;&otilde;es para o PROCESSO SELETIVO SIMPLIFICADO N&ordm; 002\/2025 para forma&ccedil;&atilde;o de cadastro reserva, sob o regime jur&iacute;dico &uacute;nico do Munic&iacute;pio, para suprir as necessidades de contrata&ccedil;&atilde;o de pessoal em car&aacute;ter tempor&aacute;rio em atendimento dos casos considerados transit&oacute;rios ou de excepcional interesse p&uacute;blico, durante o exerc&iacute;cio do ano de 2025 em conformidade com inciso IX do artigo 37 da Constitui&ccedil;&atilde;o da Rep&uacute;blica bem como nos termos da Lei Municipal n. 666 de 06 de novembro de 2009 com altera&ccedil;&otilde;es posteriores, a Lei n. 755 de 05 de janeiro de 2012 com altera&ccedil;&otilde;es posteriores e a Lei n. 1232 de 11 de setembro de 2023.O presente processo seletivo tem por objetivo a forma&ccedil;&atilde;o de cadastro reserva de profissionais para exercerem as fun&ccedil;&otilde;es p&uacute;blicas de: <\/span><br \/>\r\n<span class=\"x1lliihq\"><br \/>\r\n&bull; <strong>EDUCADOR SOCIAL DE PROTE&Ccedil;&Atilde;O SOCIAL ALTA COMPLEXIDADE PARA ATUAR NO (LAR DAS CRIAN&Ccedil;AS);<\/strong> <\/span><br \/>\r\n<span class=\"x1lliihq\">&bull; <strong>ASSISTENTE SOCIAL DE PROTE&Ccedil;&Atilde;O SOCIAL B&Aacute;SICA PARA ATUAR NO (CRAS); <\/strong><\/span><br \/>\r\n<span class=\"x1lliihq\">&bull; <strong>ASSISTENTE SOCIAL DE PROTE&Ccedil;&Atilde;O SOCIAL DE M&Eacute;DIA COMPLEXIDADE PARA ATUAR NO (CREAS);<\/strong> <\/span><br \/>\r\n<span class=\"x1lliihq\">&bull; <strong>ASSISTENTE SOCIAL DE PROTE&Ccedil;&Atilde;O SOCIAL DE ALTA COMPLEXIDADE PARA ATUAR NO (LAR DAS CRIAN&Ccedil;AS).<\/strong> <\/span><\/span><\/div>\r\n"},{"titulo":"EDITAL DE PROCESSO SELETIVO N\u00ba 01 \/ 2025 - PROCESSO SELETIVO SIMPLIFICADO PARA FORMA\u00c7\u00c3O DE CADASTRO RESERVA - SEC. MUNICIPAL DE ADMINISTRA\u00c7\u00c3O E RECURSOS HUMANOS E DEMAIS SECRETARIAS","dataAtualizacao":"2026-04-22 10:47:32","dataPostagem":"2025-05-26 09:00:00","dataRealizacao":"2025-05-21 17:15:00","numeroEdital":null,"numeroProcesso":1,"modalidade":"Processo Seletivo","situacao":"Em Convoca\u00e7\u00e3o","descricao":"O MUNIC&Iacute;PIO DE S&Atilde;O JOS&Eacute; DA LAPA, pessoa jur&iacute;dica de direito p&uacute;blico interno, inscrito no CNPJ sob o n&deg;. 42.774.281\/0001-80, neste ato representado pela PREFEITA MUNICIPAL, Sra. Marcia de F&aacute;tima Lopes Ferreira e pela SECRET&Aacute;RIA MUNICIPAL DE ADMINISTRA&Ccedil;&Atilde;O E RECURSOS HUMANOS, Sra. Bruna Marcely Ferreira&nbsp;e demais Secretarias da Prefeitura Municipal na forma preconizada pelo art. 37, IX da Constitui&ccedil;&atilde;o Federal, FAZ SABER a todos os interessados que preenchem os requisitos elencados no presente Edital que est&atilde;o abertas as inscri&ccedil;&otilde;es DO PROCESSO SELETIVO PARA PREENCHIMENTO DE VAGAS DE CADASTRO RESERVA NAS CATEGORIAS PROFISSIONAIS:<br \/>\r\n<br \/>\r\nAUXILIAR ADMINISTRATIVO; AUXILIAR DE SERVI&Ccedil;OS GERAIS &ndash; LIMPEZA URBANA - VARRI&Ccedil;&Atilde;O; AUXILIAR DE SERVI&Ccedil;OS GERAIS &ndash; PR&Eacute;DIOS P&Uacute;BLICOS (12X36); &nbsp;AUXILIAR DE SERVI&Ccedil;OS GERAIS &ndash; PR&Eacute;DIOS P&Uacute;BLICOS; BIBLIOTEC&Aacute;RIO; COVEIRO; EDUCADOR INFANTIL; JARDINEIRO; MOTORISTA CATEGORIA B; MOTORISTA CATEGORIA D; OFICIAL DE MANUTEN&Ccedil;&Atilde;O &ndash; (BOMBEIRO HIDR&Aacute;ULICO); OFICIAL DE MANUTEN&Ccedil;&Atilde;O &ndash; (ELETRICISTA); OFICIAL DE MANUTEN&Ccedil;&Atilde;O - (GERAL);OPERADOR DE M&Aacute;QUINAS (RETROESCAVADEIRA); PEDREIRO; PORTEIRO;VIGIA; CONFORME DISP&Otilde;E ART. 3&deg; DA LEI MUNICIPAL N&deg;. 666\/2009, QUE REGULAMENTA O ART. 37, IX DA CONSTITUI&Ccedil;&Atilde;O FEDERAL E ART. 50 DA LEI COMPLEMENTAR MUNICIPAL N.&ordm; 754\/2012.<br \/>\r\n<br \/>\r\n<br \/>\r\n<br \/>\r\n<br \/>\r\n<br \/>\r\n&nbsp;"},{"titulo":"EDITAL DE PROCESSO SELETIVO N\u00ba 01 \/ 2025 - PROCESSO SELETIVO SIMPLIFICADO PARA PREENCHIMENTO DE VAGAS E FORMA\u00c7\u00c3O DE CADASTRO RESERVA - SEC. SAUDE","dataAtualizacao":"2026-04-15 16:40:40","dataPostagem":"2025-04-04 12:00:00","dataRealizacao":"","numeroEdital":null,"numeroProcesso":1,"modalidade":"Processo Seletivo","situacao":"Em Convoca\u00e7\u00e3o","descricao":"O MUNIC&Iacute;PIO DE S&Atilde;O JOS&Eacute; DA LAPA, pessoa jur&iacute;dica de direito p&uacute;blico interno, inscrito no CNPJ sob o n&deg;. 42.774.281\/0001-80, neste ato representado pela PREFEITA MUNICIPAL, Sra. Marcia de F&aacute;tima Lopes Ferreira e pela SECRET&Aacute;RIA MUNICIPAL DE SA&Uacute;DE, Sra. Glaucia Maria da Cruz, na forma preconizada pelo art. 37, IX da Constitui&ccedil;&atilde;o Federal, FAZ SABER a todos os interessados que preenchem os requisitos elencados no presente Edital que est&atilde;o abertas as inscri&ccedil;&otilde;es DO PROCESSO SELETIVO SIMPLIFICADO PARA PREENCHIMENTO DE VAGAS E CADASTRO DE RESERVA NAS CATEGORIAS PROFISSIONAIS:<br \/>\r\n<br \/>\r\nASSISTENTE SOCIAL, ATENDENTE DE FARM&Aacute;CIA, AUXILIAR DE SA&Uacute;DE BUCAL, CIRURGI&Atilde;O DENTISTA, CIRURGI&Atilde;O DENTISTA ESPECIALISTA EM CIRURGIA, CIRURGI&Atilde;O DENTISTA PERIODONTISTA, CONTADOR, ENFERMEIRO PLANTONISTA, ENFERMEIRO PROGRAMA SA&Uacute;DE DA FAM&Iacute;LIA, FARMAC&Ecirc;UTICO, FISIOTERAPEUTA, FONOAUDI&Oacute;LOGO, M&Eacute;DICO VETERIN&Aacute;RIO, MOTORISTA CARTEIRA D, MOTORISTA DE AMBUL&Acirc;NCIA, NUTRICIONISTA, PORTEIRO (Servi&ccedil;o de Sa&uacute;de), PROFISSIONAL DE EDUCA&Ccedil;&Atilde;O F&Iacute;SICA, PSIC&Oacute;LOGO, RECEPCIONISTA (Servi&ccedil;o de Sa&uacute;de), TECNICO DE ENFERMAGEM EQUIPE VACINA, T&Eacute;CNICO DE ENFERMAGEM PLANTONISTA, T&Eacute;CNICO DE ENFERMAGEM PROGRAMA SA&Uacute;DE DA FAM&Iacute;LIA, T&Eacute;CNICO EM CONTABILIDADE, T&Eacute;CNICO DE SA&Uacute;DE BUCAL, TERAPEUTA OCUPACIONAL conforme disp&otilde;e art. 3&deg; da Lei Municipal N&deg;. 666\/2009, que regulamenta o art. 37, IX da Constitui&ccedil;&atilde;o Federal e art. 50 da Lei Complementar Municipal N.&ordm; 754\/2012."},{"titulo":"PROCESSO SELETIVO SIMPLIFICADO PARA FORMA\u00c7\u00c3O DE CADASTRO RESERVA EDITAL DE SELE\u00c7\u00c3O N\u00ba 02\/2025 - SECRETARIA DE EDUCA\u00c7\u00c3O","dataAtualizacao":"2026-03-18 17:01:31","dataPostagem":"2025-02-19 10:20:00","dataRealizacao":"2025-02-19 10:20:00","numeroEdital":null,"numeroProcesso":2,"modalidade":"Processo Seletivo","situacao":"Em Convoca\u00e7\u00e3o","descricao":"<strong><span style=\"color:#FF0000\">LINK PARA INTERPOSI&Ccedil;&Atilde;O DE RECURSOS:<\/span><span style=\"color:#0000CD\">&nbsp;<\/span><u><a href=\"https:\/\/forms.gle\/y1DyJU7AACtoXriXA\"><span style=\"color:#0000CD\">(<\/span><\/a><\/u><\/strong><a href=\"https:\/\/forms.gle\/cr48sU6s3QgehsbFA\"><span style=\"color:#0000CD\">https:\/\/forms.gle\/cr48sU6s3QgehsbFA\u200b<\/span><\/a><strong><u><a href=\"https:\/\/forms.gle\/y1DyJU7AACtoXriXA\"><span style=\"color:#0000CD\"><\/span><\/a><\/u><span style=\"color:#0000CD\"><u>)<\/u><\/span>&nbsp;<span style=\"color:#FF0000\">Dispon&iacute;vel para preenchimento das&nbsp;8h &agrave;s 17h&nbsp;do dia&nbsp;3 de mar&ccedil;o de 2025.<\/span><\/strong><br \/>\r\n<br \/>\r\nA Prefeitura Municipal de S&atilde;o Jos&eacute; da Lapa, nos termos da Lei, torna p&uacute;blico que est&atilde;o abertas as inscri&ccedil;&otilde;es para o PROCESSO SELETIVO SIMPLIFICADO N&ordm; 02\/2025 para preenchimento do quadro de pessoal para atendimento ao Programa Escola de Tempo Integral, sob o regime jur&iacute;dico &uacute;nico do Munic&iacute;pio, para suprir as necessidades de contrata&ccedil;&atilde;o de pessoal em car&aacute;ter tempor&aacute;rio em atendimento ao Programa, durante o exerc&iacute;cio de 2025 em conformidade com inciso IX do artigo 37 da Constitui&ccedil;&atilde;o da Rep&uacute;blica bem como nos termos da Lei Municipal n. 666 de 06 de novembro de 2009 com altera&ccedil;&otilde;es posteriores, a Lei n. 755 de 05 de janeiro de 2012 com altera&ccedil;&otilde;es posteriores e a Lei n. 1232 de 11 de setembro de 2023, Lei N&ordm; 1.250, de 07 de dezembro de 2023.<br \/>\r\n&nbsp;"},{"titulo":"PROCESSO SELETIVO SIMPLIFICADO PARA FORMA\u00c7\u00c3O DE CADASTRO RESERVA EDITAL DE SELE\u00c7\u00c3O N\u00ba 01\/2025 - SECRETARIA DE DESENVOLVIMENTO SOCIAL E SECRETARIA DE SA\u00daDE.","dataAtualizacao":"2026-04-28 10:06:17","dataPostagem":"2025-02-17 00:00:00","dataRealizacao":"2025-02-17 00:00:00","numeroEdital":null,"numeroProcesso":1,"modalidade":"Processo Seletivo","situacao":"Em Convoca\u00e7\u00e3o","descricao":"<ul>\r\n\t<li>LINK PARA INTERPOSI&Ccedil;&Atilde;O DE RECURSOS :&nbsp;<strong><em><u><a href=\"https:\/\/forms.gle\/JWVZb3TjmNuZU77v5\">https:\/\/forms.gle\/JWVZb3TjmNuZU77v5<\/a><\/u><\/em><\/strong><\/li>\r\n<\/ul>\r\n<br \/>\r\nA Prefeitura Municipal de S&atilde;o Jos&eacute; da Lapa, nos termos da Lei, torna p&uacute;blico que est&atilde;o abertas as inscri&ccedil;&otilde;es para o PROCESSO SELETIVO SIMPLIFICADO N&ordm; 01\/2025 para forma&ccedil;&atilde;o de cadastro reserva, sob o regime jur&iacute;dico &uacute;nico do Munic&iacute;pio, para suprir as necessidades de contrata&ccedil;&atilde;o de pessoal em car&aacute;ter tempor&aacute;rio em atendimento dos casos considerados transit&oacute;rios ou de excepcional interesse p&uacute;blico, durante o exerc&iacute;cio do ano de 2025 em conformidade com inciso IX do artigo 37 da Constitui&ccedil;&atilde;o da Rep&uacute;blica bem como nos termos da Lei Municipal n. 666 de 06 de novembro de 2009 com altera&ccedil;&otilde;es posteriores, a Lei n. 755 de 05 de janeiro de 2012 com altera&ccedil;&otilde;es posteriores e a Lei n. 1232 de 11 de setembro de 2023.O presente processo seletivo tem por objetivo a forma&ccedil;&atilde;o de cadastro reserva de profissionais para exercerem as fun&ccedil;&otilde;es p&uacute;blicas de:<br \/>\r\n<span style=\"color:#0000CD\"><strong>AUXILIAR ADMINISTRATIVO PARA ATUAR NA SECRETARIA MUNICIPAL DE DESENVOLVIMENTO SOCIAL E SECRETARIA MUNICIPAL DE SA&Uacute;DE.<\/strong><\/span><br \/>\r\n<span style=\"color:#0000CD\"><strong>AUXILIAR DE SERVI&Ccedil;OS GERAIS PARA ATUAR NA SECRETARIA MUNICIPAL DE SA&Uacute;DE<\/strong><\/span><br \/>\r\n<span style=\"color:#0000CD\"><strong>EDUCADOR SOCIAL DE PROTE&Ccedil;&Atilde;O SOCIAL B&Aacute;SICA PARA ATUAR NO CRAS;<\/strong><\/span><br \/>\r\n<span style=\"color:#0000CD\"><strong>EDUCADOR SOCIAL DE PROTE&Ccedil;&Atilde;O SOCIAL ALTA COMPLEXIDADE PARA ATUAR NO LAR DAS CRIAN&Ccedil;AS;<\/strong><\/span><br \/>\r\n<span style=\"color:#0000CD\"><strong>PSIC&Oacute;LOGO DE PROTE&Ccedil;&Atilde;O SOCIAL B&Aacute;SICA PARA ATUAR NO CRAS; <\/strong><\/span><br \/>\r\n<span style=\"color:#0000CD\"><strong>PSIC&Oacute;LOGO DE PROTE&Ccedil;&Atilde;O SOCIAL DE M&Eacute;DIA COMPLEXIDADE PARA ATUAR NO CREAS;<\/strong><\/span><br \/>\r\n<span style=\"color:#0000CD\"><strong>PSIC&Oacute;LOGO PROTE&Ccedil;&Atilde;O SOCIAL DE ALTA COMPLEXIDADE PARA ATUAR NO LAR DAS CRIAN&Ccedil;AS.<\/strong><\/span>\r\n\r\n<ul>\r\n\t<li>LINK PARA INSCRI&Ccedil;&Atilde;O:&nbsp;<a href=\"https:\/\/forms.gle\/65pH9SQF4LAurnjB6\">https:\/\/forms.gle\/65pH9SQF4LAurnjB6<\/a><\/li>\r\n<\/ul>\r\n\r\n<ul>\r\n\t<li>Dispon&iacute;vel para preenchimento a partir das 12h do dia 18\/02\/25 at&eacute; &agrave;s 12h do dia 24\/02\/25.<\/li>\r\n<\/ul>\r\n<span style=\"color:#0000CD\"><\/span>\r\n\r\n<ul><br \/>\r\n\t<li>&nbsp;<\/li>\r\n<\/ul>\r\n\r\n<ul><br \/>\r\n\t<li>&nbsp;<\/li>\r\n<\/ul>\r\n"},{"titulo":"PROCESSO SELETIVO SIMPLIFICADO PARA FORMA\u00c7\u00c3O DE CADASTRO RESERVA EDITAL DE SELE\u00c7\u00c3O N\u00ba 03\/2024 - SECRETARIA DE EDUCA\u00c7\u00c3O","dataAtualizacao":"2026-04-17 12:30:23","dataPostagem":"2024-11-08 11:30:00","dataRealizacao":"2024-11-08 11:30:00","numeroEdital":null,"numeroProcesso":3,"modalidade":"Processo Seletivo","situacao":"Em Convoca\u00e7\u00e3o","descricao":"<strong><span style=\"color:#FF0000\">LINK PARA INTERPOSI&Ccedil;&Atilde;O DE RECURSOS<\/span><span style=\"color:#006400\">:<\/span><span style=\"color:#0000FF\">&nbsp;<\/span><span style=\"color:#0000FF\"><u><a href=\"https:\/\/forms.gle\/y1DyJU7AACtoXriXA\">(<\/a><\/u><\/span><a href=\"https:\/\/forms.gle\/y1DyJU7AACtoXriXA\"><span style=\"color:#0000FF\"><u>https:\/\/forms.gle\/y1DyJU7AACtoXriXA<\/u><\/span><\/a><span style=\"color:#0000FF\"><u>)<\/u>&nbsp;<\/span>Dispon&iacute;vel para preenchimento das <span style=\"color:#0000FF\">8h &agrave;s 17h<\/span><span style=\"color:#FF0000\">&nbsp;do dia<\/span> <span style=\"color:#FF0000\">17 de dezembro de 2024.<\/span><\/strong><br \/>\r\n<br \/>\r\nLINK PARA INSCRI&Ccedil;&Atilde;O: <a href=\"https:\/\/forms.gle\/X8mvbYawMsYkYVJ89\">https:\/\/forms.gle\/X8mvbYawMsYkYVJ89<\/a> - Dispon&iacute;vel para preenchimento a partir das 8h do dia 22\/11\/24 at&eacute; &agrave;s 17h do dia 25\/11\/24.<br \/>\r\n<br \/>\r\n<br \/>\r\nA Prefeitura Municipal de S&atilde;o Jos&eacute; da Lapa, nos termos da Lei, torna p&uacute;blico que est&atilde;o abertas as inscri&ccedil;&otilde;es para o PROCESSO SELETIVO SIMPLIFICADO N&ordm; 03\/2024 para forma&ccedil;&atilde;o de cadastro reserva, sob o regime jur&iacute;dico &uacute;nico do Munic&iacute;pio, para suprir as necessidades de contrata&ccedil;&atilde;o de pessoal em car&aacute;ter tempor&aacute;rio em atendimento dos casos considerados transit&oacute;rios ou de excepcional interesse p&uacute;blico, durante o exerc&iacute;cio do ano de 2025 em conformidade com inciso IX do artigo 37 da Constitui&ccedil;&atilde;o da Rep&uacute;blica bem como nos termos da Lei Municipal n. 666 de 06 de novembro de 2009 com altera&ccedil;&otilde;es posteriores, a Lei n. 755 de 05 de janeiro de 2012 com altera&ccedil;&otilde;es posteriores e a Lei n. 1232 de 11 de setembro de 2023, Lei N&ordm; 1.250, de 07 de dezembro de 2023.<br \/>\r\n&nbsp;"}]}